{"id":419,"date":"2019-01-03T10:51:42","date_gmt":"2019-01-03T10:51:42","guid":{"rendered":"https:\/\/www.rackhost.hu\/blog\/?p=419"},"modified":"2023-11-17T11:43:25","modified_gmt":"2023-11-17T11:43:25","slug":"honlap-vagy-ceges-facebook-oldal","status":"publish","type":"post","link":"https:\/\/www.rackhost.hu\/blog\/honlap-vagy-ceges-facebook-oldal\/","title":{"rendered":"Honlap vagy c\u00e9ges Facebook oldal?"},"content":{"rendered":"<p>Tekintse meg vide\u00f3nkat a t\u00e9m\u00e1ban!<\/p>\n<style>.embed-container { position: relative; padding-bottom: 56.25%; height: 0; overflow: hidden; max-width: 100%; } .embed-container iframe, .embed-container object, .embed-container embed { position: absolute; top: 0; left: 0; width: 100%; height: 100%; }<\/style>\n<div class=\"embed-container\"><iframe src=\"https:\/\/www.youtube.com\/embed\/OjT8i7RxdmE\" frameborder=\"0\" allowfullscreen=\"allowfullscreen\"><\/iframe><\/div>\n<p>&nbsp;<\/p>\n<p><span style=\"font-weight: 400;\">Az el\u0151z\u0151 cikk\u00fcnkben azt fejtett\u00fck ki, hogy <a href=\"https:\/\/www.rackhost.hu\/blog\/miert-van-szuksegem-weboldalra\/\" target=\"_blank\" rel=\"noopener noreferrer\">honlapra mindenkinek sz\u00fcks\u00e9ge van<\/a>. Mi\u00e9rt nem elegend\u0151 egy Facebook oldal, mi\u00e9rt van sz\u00fcks\u00e9g mindenk\u00e9pp honlapra is? Sz\u00e1mos oka van. Bemutatjuk a k\u00e9t platform jellemz\u0151it, ezeket sz\u00e1mba v\u00e9ve Te is el tudod d\u00f6nteni, hogy mi a k\u00fcl\u00f6nbs\u00e9g k\u00f6zt\u00fck \u00e9s v\u00e1llalkoz\u00e1sodhoz melyikre van sz\u00fcks\u00e9ged. <\/span><\/p>\n<p>&nbsp;<\/p>\n<h2><b>Facebook oldal jellemz\u0151i<\/b><\/h2>\n<p>&nbsp;<\/p>\n<p><span style=\"font-weight: 400;\">Nem vitatjuk, nagyon j\u00f3 szolg\u00e1latot tud tenni egy c\u00e9ges Facebook oldal, term\u00e9szetesen <\/span><a href=\"https:\/\/www.facebook.com\/rackhost\/\" target=\"_blank\" rel=\"noopener noreferrer\"><span style=\"font-weight: 400;\">nek\u00fcnk is van<\/span><\/a><span style=\"font-weight: 400;\">. Azonban meglehet\u0151sen korl\u00e1tozottak a lehet\u0151s\u00e9geink ezen a csatorn\u00e1n. Kezdj\u00fck a legnagyobb probl\u00e9m\u00e1val.<\/span><\/p>\n<p>&nbsp;<\/p>\n<ul>\n<li style=\"font-weight: 400;\"><span style=\"font-weight: 400;\">Nincs a saj\u00e1t tulajdonunkban<\/span><\/li>\n<\/ul>\n<p>&nbsp;<\/p>\n<p><span style=\"font-weight: 400;\">Amennyiben valamilyen okb\u00f3l kifoly\u00f3lag t\u00f6r\u00f6ln\u00e9k a profilunkat, teljes eg\u00e9sz\u00e9ben k\u00e1rba veszne az addig befektetett munk\u00e1nk.<\/span><\/p>\n<p>&nbsp;<\/p>\n<ul>\n<li style=\"font-weight: 400;\"><span style=\"font-weight: 400;\">K\u00f6t\u00f6tt a design<\/span><\/li>\n<\/ul>\n<p>&nbsp;<\/p>\n<p><span style=\"font-weight: 400;\">Kev\u00e9sb\u00e9 tudjuk szem\u00e9lyre szabni az oldalunkat, hiszen csup\u00e1n a profilk\u00e9p \u00e9s bor\u00edt\u00f3k\u00e9p cser\u00e9lhet\u0151, a fel\u00e9p\u00edt\u00e9s, elrendez\u00e9s, lehet\u0151s\u00e9gek \u00e9s alapvet\u0151en az oldal kin\u00e9zete minden c\u00e9g eset\u00e9n ugyanaz. <\/span><\/p>\n<p>&nbsp;<\/p>\n<ul>\n<li style=\"font-weight: 400;\"><span style=\"font-weight: 400;\">K\u00f6t\u00f6tt a strukt\u00fara<\/span><\/li>\n<\/ul>\n<p>&nbsp;<\/p>\n<p><span style=\"font-weight: 400;\">A bejegyz\u00e9sek tartalm\u00e1val \u00e9s a le\u00edr\u00e1sok st\u00edlus\u00e1val ugyan valamilyen szinten lehet\u00fcnk egyediek, de meg van k\u00f6tve a kez\u00fcnk a form\u00e1tumukat tekintve. R\u00e1ad\u00e1sul az inform\u00e1ci\u00f3 el is veszik a posztok sokas\u00e1ga k\u00f6z\u00f6tt, neh\u00e9z visszakeresni, ha valamire k\u00edv\u00e1ncsiak vagyunk. Csup\u00e1n a c\u00e9g alapadatai \u00e9s a bemutatkoz\u00e1s van fix helyen, egy\u00e9b inform\u00e1ci\u00f3kat nem egyszer\u0171 megtal\u00e1lni, ha valami konkr\u00e9tat keres\u00fcnk.<\/span><\/p>\n<p>&nbsp;<\/p>\n<h2><b>Honlap jellemz\u0151i<\/b><\/h2>\n<p>&nbsp;<\/p>\n<p><span style=\"font-weight: 400;\">C\u00e9lj\u00e1t \u00e9s felhaszn\u00e1l\u00e1si m\u00f3dj\u00e1t tekintve van hasonl\u00f3s\u00e1g egy Facebook oldal \u00e9s egy weboldal k\u00f6z\u00f6tt, viszont a honlap sok el\u0151nnyel b\u00edr a k\u00f6z\u00f6ss\u00e9gi m\u00e9dia oldalakkal szemben.<\/span><\/p>\n<p>&nbsp;<\/p>\n<ul>\n<li style=\"font-weight: 400;\"><span style=\"font-weight: 400;\">Saj\u00e1t tulajdonban van<\/span><\/li>\n<\/ul>\n<p>&nbsp;<\/p>\n<p><span style=\"font-weight: 400;\">Mivel a mi tulajdonunkban lesz a megv\u00e1s\u00e1rolt domain n\u00e9v, \u00e9s tulajdonk\u00e9ppen a webt\u00e1rhely felett is mi rendelkez\u00fcnk, \u00edgy teljes m\u00e9rt\u00e9kben rajtunk \u00e1ll, hogy a weboldalunk mikor jelenjen meg a nyilv\u00e1noss\u00e1g el\u0151tt, vagy \u00e9ppen mikor t\u0171nj\u00f6n el.<\/span><\/p>\n<p>&nbsp;<\/p>\n<ul>\n<li style=\"font-weight: 400;\"><span style=\"font-weight: 400;\">Szinte b\u00e1rmi megval\u00f3s\u00edthat\u00f3<\/span><\/li>\n<\/ul>\n<p>&nbsp;<\/p>\n<p><span style=\"font-weight: 400;\">A lehet\u0151s\u00e9gek sz\u00e1ma olyan nagy, hogy szinte csak a k\u00e9pzelet\u00fcnk szab hat\u00e1rt annak, \u00a0hogyan \u00e9p\u00fclj\u00f6n fel \u00e9s n\u00e9zzen ki honlapunk. K\u00fcl\u00f6nf\u00e9le megold\u00e1sokkal k\u00eds\u00e9rletezhet\u00fcnk a legjobb hat\u00e1s \u00e9rdek\u00e9ben. <\/span><\/p>\n<p>&nbsp;<\/p>\n<ul>\n<li style=\"font-weight: 400;\"><span style=\"font-weight: 400;\">M\u00e1s c\u00e9lcsoport<\/span><\/li>\n<\/ul>\n<p>&nbsp;<\/p>\n<p><span style=\"font-weight: 400;\">M\u00e1s k\u00f6z\u00f6ns\u00e9get \u00e9rhet\u00fcnk el a k\u00fcl\u00f6nf\u00e9le csatorn\u00e1kkal. Vannak \u00e1tfed\u00e9sek, de m\u00edg alapvet\u0151en a fiatalok ink\u00e1bb a social medi\u00e1ban keresg\u00e9lnek, addig a szak\u00e9rt\u0151i r\u00e9teg a weboldalt n\u00e9zi.<\/span><\/p>\n<p>&nbsp;<\/p>\n<ul>\n<li style=\"font-weight: 400;\"><span style=\"font-weight: 400;\">M\u00e1s c\u00e9lok<\/span><\/li>\n<\/ul>\n<p>&nbsp;<\/p>\n<p><span style=\"font-weight: 400;\">Egy k\u00f6z\u00f6ss\u00e9gi m\u00e9dia oldal f\u0151k\u00e9nt brand\u00e9p\u00edt\u00e9sre szolg\u00e1l, a honlap ezenfel\u00fcl hiteles inform\u00e1ci\u00f3forr\u00e1s is. A lehet\u0151s\u00e9gek sz\u00e1m\u00e1b\u00f3l kifoly\u00f3lag a weboldalt t\u00f6bb c\u00e9lra is fel tudjuk haszn\u00e1lni a k\u00fcl\u00f6nb\u00f6z\u0151 formok kit\u00f6ltet\u00e9s\u00e9t\u0151l, az online v\u00e1s\u00e1rl\u00e1son kereszt\u00fcl a t\u00e9rk\u00e9pes navig\u00e1ci\u00f3ig, \u00e9s m\u00e9g folytathatn\u00e1nk a sort. <\/span><\/p>\n<p>&nbsp;<\/p>\n<h2><b>Javaslat<\/b><\/h2>\n<p>&nbsp;<\/p>\n<p><span style=\"font-weight: 400;\">Azt javasoljuk, amennyiben er\u0151forr\u00e1said engedik, alkalmazd mindk\u00e9t eml\u00edtett csatorn\u00e1t! Kieg\u00e9sz\u00edtik egym\u00e1st, de nem helyettes\u00edtik. M\u00e1s c\u00e9lra haszn\u00e1lhatod \u0151ket, de ha a c\u00e9lcsoportod \u00e9s k\u00edn\u00e1lt term\u00e9keid, szolg\u00e1ltat\u00e1said alkalmasak r\u00e1, akkor mindkett\u0151 rendk\u00edv\u00fcl hasznos lehet. Nem mellesleg a honlapr\u00f3l k\u00f6nnyed\u00e9n terelhet\u0151 a forgalom a v\u00e1llalkoz\u00e1s Facebook oldal\u00e1ra \u00e9s ford\u00edtva. Viszont ha mindenk\u00e9ppen csak egy platform mellett d\u00f6ntesz, akkor az a c\u00e9ges weboldal legyen!<\/span><\/p>\n<p>&nbsp;<\/p>\n<p style=\"text-align: center;\"><a class=\"maxbutton-1 maxbutton maxbutton-gomb-1\" target=\"_blank\" rel=\"noopener\" href=\"https:\/\/www.rackhost.hu\/domain?utm_source=blog&#038;utm_medium=post&#038;utm_campaign=OV_Honlap_vagy_fb\"><span class='mb-text'>Domaint regisztr\u00e1lok<\/span><\/a><\/p>\n<p><strong>Aj\u00e1nlott cikk:<\/strong><\/p>\n<p><strong><a href=\"https:\/\/www.rackhost.hu\/blog\/hogyan-lehet-weboldalam\/\" target=\"_blank\" rel=\"noopener noreferrer\">Hogyan lehet weboldalam?<\/a><\/strong><\/p>\n","protected":false},"excerpt":{"rendered":"<p>Tekintse meg vide\u00f3nkat a t\u00e9m\u00e1ban! &nbsp; Az el\u0151z\u0151 cikk\u00fcnkben azt fejtett\u00fck ki, hogy honlapra mindenkinek sz\u00fcks\u00e9ge van. Mi\u00e9rt nem elegend\u0151 egy Facebook oldal, mi\u00e9rt van sz\u00fcks\u00e9g mindenk\u00e9pp honlapra is? Sz\u00e1mos oka van. Bemutatjuk a k\u00e9t platform jellemz\u0151it, ezeket sz\u00e1mba v\u00e9ve Te is el tudod d\u00f6nteni, hogy mi a k\u00fcl\u00f6nbs\u00e9g k\u00f6zt\u00fck<\/p>\n<div class=\"post-permalink\">\n\t\t\t\t\t\t<a href=\"https:\/\/www.rackhost.hu\/blog\/honlap-vagy-ceges-facebook-oldal\/\" class=\"btn btn-default\">Tov\u00e1bb<\/a><\/div>\n","protected":false},"author":4,"featured_media":420,"comment_status":"closed","ping_status":"closed","sticky":false,"template":"","format":"standard","meta":{"footnotes":""},"categories":[1],"tags":[29],"class_list":["post-419","post","type-post","status-publish","format-standard","has-post-thumbnail","hentry","category-egyeb","tag-online-vallalkozas"],"_links":{"self":[{"href":"https:\/\/www.rackhost.hu\/blog\/wp-json\/wp\/v2\/posts\/419","targetHints":{"allow":["GET"]}}],"collection":[{"href":"https:\/\/www.rackhost.hu\/blog\/wp-json\/wp\/v2\/posts"}],"about":[{"href":"https:\/\/www.rackhost.hu\/blog\/wp-json\/wp\/v2\/types\/post"}],"author":[{"embeddable":true,"href":"https:\/\/www.rackhost.hu\/blog\/wp-json\/wp\/v2\/users\/4"}],"replies":[{"embeddable":true,"href":"https:\/\/www.rackhost.hu\/blog\/wp-json\/wp\/v2\/comments?post=419"}],"version-history":[{"count":9,"href":"https:\/\/www.rackhost.hu\/blog\/wp-json\/wp\/v2\/posts\/419\/revisions"}],"predecessor-version":[{"id":1529,"href":"https:\/\/www.rackhost.hu\/blog\/wp-json\/wp\/v2\/posts\/419\/revisions\/1529"}],"wp:featuredmedia":[{"embeddable":true,"href":"https:\/\/www.rackhost.hu\/blog\/wp-json\/wp\/v2\/media\/420"}],"wp:attachment":[{"href":"https:\/\/www.rackhost.hu\/blog\/wp-json\/wp\/v2\/media?parent=419"}],"wp:term":[{"taxonomy":"category","embeddable":true,"href":"https:\/\/www.rackhost.hu\/blog\/wp-json\/wp\/v2\/categories?post=419"},{"taxonomy":"post_tag","embeddable":true,"href":"https:\/\/www.rackhost.hu\/blog\/wp-json\/wp\/v2\/tags?post=419"}],"curies":[{"name":"wp","href":"https:\/\/api.w.org\/{rel}","templated":true}]}}