{"id":1474,"date":"2023-09-15T09:29:43","date_gmt":"2023-09-15T09:29:43","guid":{"rendered":"https:\/\/www.rackhost.hu\/blog\/?p=1474"},"modified":"2024-05-17T08:49:25","modified_gmt":"2024-05-17T08:49:25","slug":"az-uj-cegek-domainnel-inditanak","status":"publish","type":"post","link":"https:\/\/www.rackhost.hu\/blog\/az-uj-cegek-domainnel-inditanak\/","title":{"rendered":"Az \u00faj c\u00e9gek domainnel ind\u00edtanak"},"content":{"rendered":"<p><span style=\"font-weight: 400;\">H\u00f3napr\u00f3l h\u00f3napra t\u00f6bb ezer \u00faj gazdas\u00e1gi szervezetet jegyeznek be Magyarorsz\u00e1gon. Legyen sz\u00f3 ak\u00e1r egy\u00e9ni v\u00e1llalkoz\u00e1sr\u00f3l, Kft-r\u0151l, nonprofit szervezetr\u0151l vagy b\u00e1rmely v\u00e1llalkoz\u00e1si form\u00e1r\u00f3l, a havonta \u00e1tlagosan bejegyzett \u00faj gazdas\u00e1gi szervezetek sz\u00e1ma 10 000 felett van. Ez a sz\u00e1m els\u0151 hall\u00e1sra meglep\u0151nek t\u0171nhet, de term\u00e9szetesen id\u0151k\u00f6zben sok szervezet meg is sz\u0171nik, vagy \u00e1talakul, \u00edgy nem felt\u00e9tlen besz\u00e9lhet\u00fcnk folyamatosan emelked\u0151 tendenci\u00e1r\u00f3l. A sz\u00e1muk az ut\u00f3bbi \u00e9vekben 2 milli\u00f3 k\u00f6rny\u00e9k\u00e9n mozog, <\/span><a href=\"https:\/\/www.ksh.hu\/stadat_files\/gsz\/hu\/gsz0002.html\" target=\"_blank\" rel=\"noopener\"><span style=\"font-weight: 400;\">2022-ben \u00f6sszesen 1 992 415 regisztr\u00e1lt gazdas\u00e1gi szervezet<\/span><\/a><span style=\"font-weight: 400;\"> m\u0171k\u00f6d\u00f6tt.<\/span><\/p>\n<h2>\u00daj c\u00e9gek teend\u0151i<\/h2>\n<p><span style=\"font-weight: 400;\">Az \u00faj c\u00e9gek alap\u00edt\u00e1sakor sz\u00e1mos teend\u0151 van, melyek elker\u00fclhetetlenek. Ezek v\u00e1llalkoz\u00e1si form\u00e1t\u00f3l f\u00fcggnek, de nagy \u00e1ltal\u00e1noss\u00e1gban a c\u00e9gn\u00e9v kiv\u00e1laszt\u00e1sa, sz\u00e9khely bejegyz\u00e9se, tev\u00e9kenys\u00e9g megad\u00e1sa, alap\u00edt\u00f3 t\u0151ke befizet\u00e9se \u00e9s az alap\u00edt\u00f3 okirat al\u00e1\u00edr\u00e1sa jut esz\u00fcnkbe, amennyiben v\u00e1llalkoz\u00e1sok ind\u00edt\u00e1s\u00e1r\u00f3l besz\u00e9l\u00fcnk. Azonban egyre ink\u00e1bb hozz\u00e1tartozik a gyakorlathoz az is, hogy a szervezetek az online jelenl\u00e9t fontoss\u00e1g\u00e1t felismerve a teend\u0151k sor\u00e1n els\u0151k k\u00f6z\u00f6tt v\u00e9gzik el a domain regisztr\u00e1ci\u00f3t is, mely \u00e1ltal\u00e1ban a c\u00e9gn\u00e9vhez vagy a tev\u00e9kenys\u00e9gi k\u00f6rh\u00f6z k\u00f6t\u0151dik szorosan. Persze aki el\u0151re gondolkodik, \u00e9rdemes m\u00e1r a c\u00e9g- vagy m\u00e1rkan\u00e9v kital\u00e1l\u00e1s\u00e1val egyidej\u0171leg lefoglalni a domaint is, m\u00e9g miel\u0151tt valaki m\u00e1s lecsap r\u00e1, ezt k\u00f6vetheti a v\u00e1llalkoz\u00e1s t\u00e9nyleges bejegyz\u00e9se.<\/span><\/p>\n<p><span style=\"font-weight: 400;\">Az \u00faj c\u00e9gek domainnel ind\u00edtanak \u2013 \u00edrjuk a c\u00edmben. Hogy mi\u00e9rt is \u00e1ll\u00edtjuk mindezt? \u00d6sszevetett\u00fck egy diagramon a 2019. janu\u00e1r \u00e9s 2023. augusztus k\u00f6z\u00f6tti \u00faj .hu v\u00e9gz\u0151d\u00e9s\u0171 domainek regisztr\u00e1ci\u00f3inak sz\u00e1m\u00e1t, illetve az \u00fajonnan bejegyzett gazdas\u00e1gi szervezeteket, havi lebont\u00e1sban. Az eredm\u00e9nyek az al\u00e1bbiakban megtekinthet\u0151k:<\/span><\/p>\n<p><img loading=\"lazy\" decoding=\"async\" class=\"size-large wp-image-1483 aligncenter\" src=\"https:\/\/www.rackhost.hu\/blog\/wp-content\/uploads\/U\u0301jonnan-bejegyzett-gazdasa\u0301gi-szervezetek-e\u0301s-.hu-domainek-alakula\u0301sa-1-1024x305.png\" alt=\"U\u0301jonnan bejegyzett gazdasa\u0301gi szervezetek e\u0301s .hu domainek alakula\u0301sa\" width=\"680\" height=\"203\" srcset=\"https:\/\/www.rackhost.hu\/blog\/wp-content\/uploads\/U\u0301jonnan-bejegyzett-gazdasa\u0301gi-szervezetek-e\u0301s-.hu-domainek-alakula\u0301sa-1-1024x305.png 1024w, https:\/\/www.rackhost.hu\/blog\/wp-content\/uploads\/U\u0301jonnan-bejegyzett-gazdasa\u0301gi-szervezetek-e\u0301s-.hu-domainek-alakula\u0301sa-1-300x89.png 300w, https:\/\/www.rackhost.hu\/blog\/wp-content\/uploads\/U\u0301jonnan-bejegyzett-gazdasa\u0301gi-szervezetek-e\u0301s-.hu-domainek-alakula\u0301sa-1-768x229.png 768w, https:\/\/www.rackhost.hu\/blog\/wp-content\/uploads\/U\u0301jonnan-bejegyzett-gazdasa\u0301gi-szervezetek-e\u0301s-.hu-domainek-alakula\u0301sa-1.png 1244w\" sizes=\"auto, (max-width: 680px) 100vw, 680px\" \/><\/p>\n<p style=\"text-align: center;\"><i><span style=\"font-weight: 400;\">Forr\u00e1s: saj\u00e1t szerkeszt\u00e9s a Hureg statisztika \u00e9s a <\/span><\/i><a href=\"https:\/\/www.ksh.hu\/stadat_files\/gsz\/hu\/gsz0058.html\" target=\"_blank\" rel=\"noopener\"><i><span style=\"font-weight: 400;\">KSH adatai<\/span><\/i><\/a><i><span style=\"font-weight: 400;\"> alapj\u00e1n<\/span><\/i><\/p>\n<p>&nbsp;<\/p>\n<p><span style=\"font-weight: 400;\">Ahogyan l\u00e1thatjuk, a vizsg\u00e1lt id\u0151szak t\u00falnyom\u00f3 r\u00e9sz\u00e9ben hasonl\u00f3an alakulnak a .hu domain regisztr\u00e1ci\u00f3k \u00e9s a bejegyzett gazdas\u00e1gi szervezetek tendenci\u00e1i. <\/span><\/p>\n<h2>Domain piaci elemz\u00e9s<\/h2>\n<p><span style=\"font-weight: 400;\">A legink\u00e1bb kiugr\u00f3 \u00e9rt\u00e9keket 2020 tavasz\u00e1n tapasztaltuk, amikor az \u00faj .hu domain regisztr\u00e1ci\u00f3k sz\u00e1mai magasabbak voltak, mint az \u00fajonnan bejegyzett gazdas\u00e1gi szervezetek\u00e9. Azonban ez sem meglep\u0151, hiszen a Covid-19 j\u00e1rv\u00e1ny magyarorsz\u00e1gi megjelen\u00e9s\u00e9nek id\u0151szak\u00e1r\u00f3l besz\u00e9l\u00fcnk, amikor a hirtelen j\u00f6tt bizonytalans\u00e1g hat\u00e1s\u00e1ra a c\u00e9gbejegyz\u00e9sek lecs\u00f6kkentek, m\u00edg a domain regisztr\u00e1ci\u00f3k n\u00f6vekedni kezdtek, hiszen a lez\u00e1r\u00e1sokkal egyidej\u0171leg egyre t\u00f6bb m\u00e1r l\u00e9tez\u0151 v\u00e1llalkoz\u00e1s, \u00fczlet ismerte fel, hogy a folytonos m\u0171k\u00f6d\u00e9s egyetlen \u00fatja az online t\u00e9rben van, \u00edgy egyfajta weboldalind\u00edt\u00e1si l\u00e1z kezd\u0151d\u00f6tt.<\/span><\/p>\n<p><span style=\"font-weight: 400;\">Majd 2021 tavasz\u00e1t\u00f3l, ahogyan a j\u00e1rv\u00e1nnyal kapcsolatos szigor\u00edt\u00e1sok is felold\u00e1sra ker\u00fcltek, a kor\u00e1bbi trend is visszat\u00e9rni l\u00e1tszik, miszerint b\u00e1r nem minden \u00faj gazdas\u00e1gi szervezet regisztr\u00e1l mag\u00e1nak egyb\u0151l domain nevet, de egy jelent\u0151s r\u00e9sz\u00fck \u00edgy tesz, melyet a grafikonon is j\u00f3l szeml\u00e9ltet a k\u00e9t adatsor egy\u00fcttes mozg\u00e1sa.<\/span><span style=\"font-weight: 400;\"> R\u00e1ad\u00e1sul az id\u0151 m\u00fal\u00e1s\u00e1val egyre kisebb k\u00fcl\u00f6nbs\u00e9get l\u00e1thatunk az \u00faj bejegyz\u00e9s\u0171 gazdas\u00e1gi szervezetek \u00e9s az \u00faj regisztr\u00e1lt .hu v\u00e9gz\u0151d\u00e9s\u0171 domainek sz\u00e1ma k\u00f6z\u00f6tt.<\/span><\/p>\n<p><span style=\"font-weight: 400;\">2023 augusztus\u00e1ban p\u00e9ld\u00e1ul 8 149 \u00faj .hu domaint jegyeztek be \u2013 mely term\u00e9szetesen nem csak \u00faj v\u00e1llalkoz\u00e1sokhoz k\u00f6thet\u0151, illetve az is el\u0151fordul, hogy egy tulajdonos r\u00f6gt\u00f6n t\u00f6bb nevet is regisztr\u00e1l \u2013, azonban egy jelent\u0151s r\u00e9sze bizony\u00e1ra az augusztusban bejegyzett 9 525 db gazdas\u00e1gi szervezethez k\u00f6thet\u0151.<\/span><\/p>\n<p><span style=\"font-weight: 400;\">B\u00e1r azt tudjuk, l\u00e1tjuk, hogy az online jelenl\u00e9t egyre sz\u00fcks\u00e9gesebb, lassan azonban m\u00e1r elker\u00fclhetetlen lesz a c\u00e9gek, v\u00e1llalkoz\u00e1sok \u00e9let\u00e9ben. Amennyiben \u00edgy folytat\u00f3dik a tendencia, ak\u00e1r eljuthatunk od\u00e1ig is, hogy a domain regisztr\u00e1ci\u00f3 hasonl\u00f3an fontos kezd\u0151 l\u00e9p\u00e9s lesz a gazdas\u00e1gi szervezetek \u00e9let\u00e9ben, mint a c\u00e9gbejegyz\u00e9s.<\/span><\/p>\n<p><i><span style=\"font-weight: 400;\">Forr\u00e1s: <\/span><\/i><a href=\"https:\/\/www.rackhost.hu\/\" target=\"_blank\" rel=\"noopener\"><i><span style=\"font-weight: 400;\">Rackhost.hu<\/span><\/i><\/a><\/p>\n","protected":false},"excerpt":{"rendered":"<p>H\u00f3napr\u00f3l h\u00f3napra t\u00f6bb ezer \u00faj gazdas\u00e1gi szervezetet jegyeznek be Magyarorsz\u00e1gon. Legyen sz\u00f3 ak\u00e1r egy\u00e9ni v\u00e1llalkoz\u00e1sr\u00f3l, Kft-r\u0151l, nonprofit szervezetr\u0151l vagy b\u00e1rmely v\u00e1llalkoz\u00e1si form\u00e1r\u00f3l, a havonta \u00e1tlagosan bejegyzett \u00faj gazdas\u00e1gi szervezetek sz\u00e1ma 10 000 felett van. Ez a sz\u00e1m els\u0151 hall\u00e1sra meglep\u0151nek t\u0171nhet, de term\u00e9szetesen id\u0151k\u00f6zben sok szervezet meg is sz\u0171nik, vagy<\/p>\n<div class=\"post-permalink\">\n\t\t\t\t\t\t<a href=\"https:\/\/www.rackhost.hu\/blog\/az-uj-cegek-domainnel-inditanak\/\" class=\"btn btn-default\">Tov\u00e1bb<\/a><\/div>\n","protected":false},"author":4,"featured_media":1476,"comment_status":"closed","ping_status":"closed","sticky":false,"template":"","format":"standard","meta":{"footnotes":""},"categories":[1],"tags":[24],"class_list":["post-1474","post","type-post","status-publish","format-standard","has-post-thumbnail","hentry","category-egyeb","tag-domain-statisztika"],"_links":{"self":[{"href":"https:\/\/www.rackhost.hu\/blog\/wp-json\/wp\/v2\/posts\/1474","targetHints":{"allow":["GET"]}}],"collection":[{"href":"https:\/\/www.rackhost.hu\/blog\/wp-json\/wp\/v2\/posts"}],"about":[{"href":"https:\/\/www.rackhost.hu\/blog\/wp-json\/wp\/v2\/types\/post"}],"author":[{"embeddable":true,"href":"https:\/\/www.rackhost.hu\/blog\/wp-json\/wp\/v2\/users\/4"}],"replies":[{"embeddable":true,"href":"https:\/\/www.rackhost.hu\/blog\/wp-json\/wp\/v2\/comments?post=1474"}],"version-history":[{"count":9,"href":"https:\/\/www.rackhost.hu\/blog\/wp-json\/wp\/v2\/posts\/1474\/revisions"}],"predecessor-version":[{"id":1644,"href":"https:\/\/www.rackhost.hu\/blog\/wp-json\/wp\/v2\/posts\/1474\/revisions\/1644"}],"wp:featuredmedia":[{"embeddable":true,"href":"https:\/\/www.rackhost.hu\/blog\/wp-json\/wp\/v2\/media\/1476"}],"wp:attachment":[{"href":"https:\/\/www.rackhost.hu\/blog\/wp-json\/wp\/v2\/media?parent=1474"}],"wp:term":[{"taxonomy":"category","embeddable":true,"href":"https:\/\/www.rackhost.hu\/blog\/wp-json\/wp\/v2\/categories?post=1474"},{"taxonomy":"post_tag","embeddable":true,"href":"https:\/\/www.rackhost.hu\/blog\/wp-json\/wp\/v2\/tags?post=1474"}],"curies":[{"name":"wp","href":"https:\/\/api.w.org\/{rel}","templated":true}]}}