{"id":1457,"date":"2023-06-13T08:01:44","date_gmt":"2023-06-13T08:01:44","guid":{"rendered":"https:\/\/www.rackhost.hu\/blog\/?p=1457"},"modified":"2024-05-17T08:52:05","modified_gmt":"2024-05-17T08:52:05","slug":"domain-statisztika-es-ami-mogotte-van","status":"publish","type":"post","link":"https:\/\/www.rackhost.hu\/blog\/domain-statisztika-es-ami-mogotte-van\/","title":{"rendered":"Domain statisztika \u00e9s ami m\u00f6g\u00f6tte van"},"content":{"rendered":"<p><span style=\"font-weight: 400;\">A domain.hu mindig naprak\u00e9sz statisztik\u00e1kkal szolg\u00e1l sz\u00e1munkra a .hu v\u00e9gz\u0151d\u00e9s\u0171 domainek aktu\u00e1lis sz\u00e1m\u00e1r\u00f3l. A k\u00f6vetkez\u0151 diagramon az elm\u00falt 30 \u00e9v eredm\u00e9nyeit l\u00e1thatjuk, a k\u00e9k vonal jelzi a deleg\u00e1lt domainek sz\u00e1m\u00e1t:<\/span><\/p>\n<p><img loading=\"lazy\" decoding=\"async\" class=\"size-large wp-image-1458 aligncenter\" src=\"https:\/\/www.rackhost.hu\/blog\/wp-content\/uploads\/domainek-szma-1-1024x853.png\" alt=\".hu domainek sz\u00e1ma\" width=\"680\" height=\"566\" srcset=\"https:\/\/www.rackhost.hu\/blog\/wp-content\/uploads\/domainek-szma-1-1024x853.png 1024w, https:\/\/www.rackhost.hu\/blog\/wp-content\/uploads\/domainek-szma-1-300x250.png 300w, https:\/\/www.rackhost.hu\/blog\/wp-content\/uploads\/domainek-szma-1-768x640.png 768w, https:\/\/www.rackhost.hu\/blog\/wp-content\/uploads\/domainek-szma-1.png 1200w\" sizes=\"auto, (max-width: 680px) 100vw, 680px\" \/><\/p>\n<p style=\"text-align: center;\"><i><span style=\"font-weight: 400;\">Forr\u00e1s: <\/span><\/i><a href=\"https:\/\/info.domain.hu\/stats\/hu\" target=\"_blank\" rel=\"noopener\"><i><span style=\"font-weight: 400;\">domain.hu<\/span><\/i><\/a><\/p>\n<p>&nbsp;<\/p>\n<p><span style=\"font-weight: 400;\">Az els\u0151 .hu domaint 1991. okt\u00f3ber 7-\u00e9n regisztr\u00e1lt\u00e1k, mely a Magyar Tudom\u00e1nyos Akad\u00e9mia Sz\u00e1m\u00edt\u00e1stechnikai \u00e9s Automatiz\u00e1l\u00e1si Kutat\u00f3 Int\u00e9zet\u00e9nek tulajdon\u00e1ban \u00e1llt, weboldaluk a sztaki.hu domainen indult el. Ezut\u00e1n azonban \u00e9vekig csak eleny\u00e9sz\u0151 mennyis\u00e9g\u0171 .hu domain bejegyz\u00e9s zajlott, a b\u0151v\u00fcl\u00e9s 1996. elej\u00e9n kezd\u0151d\u00f6tt el. Ahogyan a fenti diagramon is l\u00e1tszik, el\u0151sz\u00f6r csak kism\u00e9rt\u00e9k\u0171 volt a n\u00f6veked\u00e9s, majd a k\u00e9tezres \u00e9vekt\u0151l kezdve egyre nagyobb \u00fctemben n\u0151tt a domainek n\u00e9pszer\u0171s\u00e9ge. Jelenleg k\u00f6zel 860 000 darabn\u00e1l tart a deleg\u00e1lt .hu domain nevek sz\u00e1ma, \u00e9s az ut\u00f3bbi \u00e9vekben \u00e1tlagosan \u00e9vi p\u00e1r t\u00edzezres n\u00f6veked\u00e9st tapasztalhattunk.<\/span><\/p>\n<p>&nbsp;<\/p>\n<h2><span style=\"font-weight: 400;\">A fellend\u00fcl\u00e9s lehets\u00e9ges okai<\/span><\/h2>\n<p><span style=\"font-weight: 400;\"><br \/>\n<\/span><span style=\"font-weight: 400;\"><br \/>\n<\/span><span style=\"font-weight: 400;\">Felmer\u00fclhet benn\u00fcnk a k\u00e9rd\u00e9s, hogy ez a fellend\u00fcl\u00e9s mib\u0151l tev\u0151dik \u00f6ssze? Csak \u00faj domaineket jegyeznek be? A kor\u00e1bbiakkal mi t\u00f6rt\u00e9nik, ha nincs m\u00e1r r\u00e1juk sz\u00fcks\u00e9g?\u00a0<\/span><\/p>\n<p><span style=\"font-weight: 400;\">&#8211; \u00daj regisztr\u00e1ci\u00f3r\u00f3l akkor besz\u00e9l\u00fcnk, ha egy kor\u00e1bban nem haszn\u00e1lt domaint jegyez be valaki.<\/span><\/p>\n<p><span style=\"font-weight: 400;\">&#8211; Vissza\u00e1ll\u00edt\u00e1sr\u00f3l akkor van sz\u00f3, amennyiben a felmond\u00e1si id\u0151szak vagy a t\u00f6rl\u00e9s el\u0151tti parkol\u00e1s alatt a tulajdonos m\u00e9g vissza\u00e1ll\u00edtja a domaint, azaz meghosszabb\u00edtja a regisztr\u00e1ci\u00f3t.<\/span><\/p>\n<p><span style=\"font-weight: 400;\">&#8211; A meg\u00faj\u00edt\u00e1s a haszn\u00e1latban l\u00e9v\u0151 domain nevek egy vagy t\u00f6bb \u00e9vre t\u00f6rt\u00e9n\u0151 hosszabb\u00edt\u00e1s\u00e1t jelenti.<\/span><\/p>\n<p><span style=\"font-weight: 400;\">&#8211; Felszabadul\u00e1s pedig akkor k\u00f6vetkezik be, ha a domaint nem \u00faj\u00edtj\u00e1k meg, \u00e9s a t\u00f6rl\u00e9s el\u0151tti parkol\u00e1s id\u0151szaka alatt sem \u00e1ll\u00edtj\u00e1k vissza. Ezek a domainek \u00fajra szabadak lesznek \u00e9s b\u00e1rki \u00e1ltal regisztr\u00e1lhat\u00f3v\u00e1 v\u00e1lnak.<\/span><\/p>\n<p><span style=\"font-weight: 400;\">A k\u00f6vetkez\u0151 diagramon ezek a v\u00e1ltoz\u00e1sok tekinthet\u0151k meg, amelyek kiadj\u00e1k az \u00f6sszes .hu domain mennyis\u00e9g\u00e9t:<\/span><\/p>\n<p><img loading=\"lazy\" decoding=\"async\" class=\"size-large wp-image-1459 aligncenter\" src=\"https:\/\/www.rackhost.hu\/blog\/wp-content\/uploads\/domain-vltozsok-1024x853.png\" alt=\".hu domainek v\u00e1ltoz\u00e1sa\" width=\"680\" height=\"566\" srcset=\"https:\/\/www.rackhost.hu\/blog\/wp-content\/uploads\/domain-vltozsok-1024x853.png 1024w, https:\/\/www.rackhost.hu\/blog\/wp-content\/uploads\/domain-vltozsok-300x250.png 300w, https:\/\/www.rackhost.hu\/blog\/wp-content\/uploads\/domain-vltozsok-768x640.png 768w, https:\/\/www.rackhost.hu\/blog\/wp-content\/uploads\/domain-vltozsok.png 1200w\" sizes=\"auto, (max-width: 680px) 100vw, 680px\" \/><\/p>\n<p style=\"text-align: center;\"><i><span style=\"font-weight: 400;\">Forr\u00e1s: <\/span><\/i><a href=\"https:\/\/info.domain.hu\/stats\/hu\" target=\"_blank\" rel=\"noopener\"><i><span style=\"font-weight: 400;\">domain.hu<\/span><\/i><\/a><\/p>\n<p>&nbsp;<\/p>\n<p><span style=\"font-weight: 400;\">Lila sz\u00ednnel jel\u00f6lve l\u00e1thatjuk a meghosszabb\u00edtott .hu domaineket, k\u00e9kkel az \u00faj regisztr\u00e1ci\u00f3kat, narancss\u00e1rga jelzi a felszabadult neveket, a z\u00f6ld pedig a vissza\u00e1ll\u00edtott domaineket. Ezek \u00f6sszes\u00edt\u00e9se adja ki a domainek aktu\u00e1lis helyzet\u00e9t \u00e9s sz\u00e1m\u00e1t.\u00a0<\/span><\/p>\n<p><span style=\"font-weight: 400;\">Term\u00e9szetesen a tulajdonos \u00e9s regisztr\u00e1tor v\u00e1lt\u00e1sok nem befoly\u00e1solj\u00e1k a kor\u00e1bbi statisztik\u00e1kat, ezekben az esetekben csup\u00e1n a domain n\u00e9v tulajdonosa, vagy a domain regisztr\u00e1tor c\u00e9g v\u00e1ltozik, a domain akt\u00edv st\u00e1tusza v\u00e1ltozatlan marad.<\/span><\/p>\n<p>&nbsp;<\/p>\n<h2>Domain statisztika<\/h2>\n<p>&nbsp;<\/p>\n<p><span style=\"font-weight: 400;\">A kor\u00e1bbiakb\u00f3l egy\u00e9rtelm\u0171en kirajzol\u00f3dik, hogy az \u00e1llom\u00e1ny nagyr\u00e9sz\u00e9t a meg\u00faj\u00edt\u00e1sok teszik ki, de az \u00faj regisztr\u00e1ci\u00f3k alakul\u00e1sa \u00e9s trendjei m\u00e9giscsak izgalmasabb t\u00e9m\u00e1t adnak. L\u00e1ssuk is, hogyan alakultak az \u00faj .hu domain regisztr\u00e1ci\u00f3k az elm\u00falt id\u0151szakban!<\/span><\/p>\n<p>&nbsp;<\/p>\n<p><img loading=\"lazy\" decoding=\"async\" class=\"size-full wp-image-1460 aligncenter\" src=\"https:\/\/www.rackhost.hu\/blog\/wp-content\/uploads\/U\u0301j-.hu-domain-regisztra\u0301cio\u0301k-1.png\" alt=\".hu domain regisztr\u00e1ci\u00f3k\" width=\"600\" height=\"371\" srcset=\"https:\/\/www.rackhost.hu\/blog\/wp-content\/uploads\/U\u0301j-.hu-domain-regisztra\u0301cio\u0301k-1.png 600w, https:\/\/www.rackhost.hu\/blog\/wp-content\/uploads\/U\u0301j-.hu-domain-regisztra\u0301cio\u0301k-1-300x186.png 300w\" sizes=\"auto, (max-width: 600px) 100vw, 600px\" \/><\/p>\n<p style=\"text-align: center;\"><i><span style=\"font-weight: 400;\">Forr\u00e1s: saj\u00e1t szerkeszt\u00e9s a Hureg statisztika alapj\u00e1n<\/span><\/i><\/p>\n<p>&nbsp;<\/p>\n<p><span style=\"font-weight: 400;\">A 2023-as \u00e9vben \u00e1tlagosan t\u00edzezer k\u00f6r\u00fcli \u00faj .hu domain nevet regisztr\u00e1ltak havonta, az elm\u00falt 5 h\u00f3nap alatt \u00f6sszesen 48 658-at, viszont ez term\u00e9szetesen nem jelenti felt\u00e9tlen\u00fcl az \u00e1llom\u00e1ny ilyen m\u00e9rt\u00e9k\u0171 n\u00f6veked\u00e9s\u00e9t, hiszen a felszabadul\u00e1sokkal is sz\u00e1molni kell.<\/span><\/p>\n<p><span style=\"font-weight: 400;\">2023. \u00e1prilis \u00e9s m\u00e1jus elej\u00e9n is megfigyelhett\u00fcnk t\u00f6bb ezres nagys\u00e1grend\u0171 felszabadul\u00f3 domaint, mely az \u00e1prilis 1-j\u00e9n hat\u00e1lyba l\u00e9p\u0151 Domainregisztr\u00e1ci\u00f3s Szab\u00e1lyzat v\u00e1ltoz\u00e1s\u00e1nak eredm\u00e9nye. Teh\u00e1t nem t\u00f6meges lemond\u00e1sr\u00f3l van sz\u00f3, hanem a felmond\u00e1si id\u0151 \u00e9s a t\u00f6rl\u00e9s el\u0151tti parkol\u00e1s idej\u00e9nek r\u00f6vid\u00fcl\u00e9se okozta a hirtelen fell\u00e9p\u0151 cs\u00f6kken\u00e9st.<\/span><span style=\"font-weight: 400;\"><br \/>\n<\/span><span style=\"font-weight: 400;\"><br \/>\n<\/span><span style=\"font-weight: 400;\">Ennek f\u00e9ny\u00e9ben vajon az idei \u00e9vben is sz\u00e1m\u00edthatunk <\/span><a href=\"https:\/\/www.rackhost.hu\/blog\/kozel-100-000-domaint-regisztraltunk\/\" target=\"_blank\" rel=\"noopener\"><span style=\"font-weight: 400;\">a kor\u00e1bbi \u00e9vek adatai alapj\u00e1n<\/span><\/a><span style=\"font-weight: 400;\"> m\u00e1r megszokott n\u00f6veked\u00e9sre? K\u00edv\u00e1ncsian v\u00e1rjuk az eredm\u00e9nyeket!<\/span><\/p>\n<p><span style=\"font-weight: 400;\">Forr\u00e1s: <\/span><a href=\"https:\/\/www.rackhost.hu\/\" target=\"_blank\" rel=\"noopener\"><span style=\"font-weight: 400;\">Rackhost.hu<\/span><\/a><\/p>\n","protected":false},"excerpt":{"rendered":"<p>A domain.hu mindig naprak\u00e9sz statisztik\u00e1kkal szolg\u00e1l sz\u00e1munkra a .hu v\u00e9gz\u0151d\u00e9s\u0171 domainek aktu\u00e1lis sz\u00e1m\u00e1r\u00f3l. A k\u00f6vetkez\u0151 diagramon az elm\u00falt 30 \u00e9v eredm\u00e9nyeit l\u00e1thatjuk, a k\u00e9k vonal jelzi a deleg\u00e1lt domainek sz\u00e1m\u00e1t: Forr\u00e1s: domain.hu &nbsp; Az els\u0151 .hu domaint 1991. okt\u00f3ber 7-\u00e9n regisztr\u00e1lt\u00e1k, mely a Magyar Tudom\u00e1nyos Akad\u00e9mia Sz\u00e1m\u00edt\u00e1stechnikai \u00e9s Automatiz\u00e1l\u00e1si Kutat\u00f3<\/p>\n<div class=\"post-permalink\">\n\t\t\t\t\t\t<a href=\"https:\/\/www.rackhost.hu\/blog\/domain-statisztika-es-ami-mogotte-van\/\" class=\"btn btn-default\">Tov\u00e1bb<\/a><\/div>\n","protected":false},"author":4,"featured_media":1463,"comment_status":"closed","ping_status":"closed","sticky":false,"template":"","format":"standard","meta":{"footnotes":""},"categories":[1],"tags":[24],"class_list":["post-1457","post","type-post","status-publish","format-standard","has-post-thumbnail","hentry","category-egyeb","tag-domain-statisztika"],"_links":{"self":[{"href":"https:\/\/www.rackhost.hu\/blog\/wp-json\/wp\/v2\/posts\/1457","targetHints":{"allow":["GET"]}}],"collection":[{"href":"https:\/\/www.rackhost.hu\/blog\/wp-json\/wp\/v2\/posts"}],"about":[{"href":"https:\/\/www.rackhost.hu\/blog\/wp-json\/wp\/v2\/types\/post"}],"author":[{"embeddable":true,"href":"https:\/\/www.rackhost.hu\/blog\/wp-json\/wp\/v2\/users\/4"}],"replies":[{"embeddable":true,"href":"https:\/\/www.rackhost.hu\/blog\/wp-json\/wp\/v2\/comments?post=1457"}],"version-history":[{"count":6,"href":"https:\/\/www.rackhost.hu\/blog\/wp-json\/wp\/v2\/posts\/1457\/revisions"}],"predecessor-version":[{"id":1647,"href":"https:\/\/www.rackhost.hu\/blog\/wp-json\/wp\/v2\/posts\/1457\/revisions\/1647"}],"wp:featuredmedia":[{"embeddable":true,"href":"https:\/\/www.rackhost.hu\/blog\/wp-json\/wp\/v2\/media\/1463"}],"wp:attachment":[{"href":"https:\/\/www.rackhost.hu\/blog\/wp-json\/wp\/v2\/media?parent=1457"}],"wp:term":[{"taxonomy":"category","embeddable":true,"href":"https:\/\/www.rackhost.hu\/blog\/wp-json\/wp\/v2\/categories?post=1457"},{"taxonomy":"post_tag","embeddable":true,"href":"https:\/\/www.rackhost.hu\/blog\/wp-json\/wp\/v2\/tags?post=1457"}],"curies":[{"name":"wp","href":"https:\/\/api.w.org\/{rel}","templated":true}]}}