{"id":1276,"date":"2022-06-02T11:57:03","date_gmt":"2022-06-02T11:57:03","guid":{"rendered":"https:\/\/www.rackhost.hu\/blog\/?p=1276"},"modified":"2022-06-02T11:57:32","modified_gmt":"2022-06-02T11:57:32","slug":"ujra-novekedesnek-indulnak-a-domain-regisztraciok","status":"publish","type":"post","link":"https:\/\/www.rackhost.hu\/blog\/ujra-novekedesnek-indulnak-a-domain-regisztraciok\/","title":{"rendered":"\u00dajra n\u00f6veked\u00e9snek indulnak a domain regisztr\u00e1ci\u00f3k?"},"content":{"rendered":"<p><span style=\"font-weight: 400;\">A domainek piaca tov\u00e1bbra is t\u00f6retlen. H\u00f3napr\u00f3l h\u00f3napra, s\u0151t napr\u00f3l napra regisztr\u00e1lnak \u00faj domain neveket. Magyarorsz\u00e1gon a .hu v\u00e9gz\u0151d\u00e9s a legn\u00e9pszer\u0171bb. T\u00f6bb sz\u00e1z .hu domaint regisztr\u00e1lnak az emberek napi szinten. A legfrissebb, 2022. m\u00e1jusi adatokat elemezve l\u00e1thatjuk, hogy egy h\u00f3nap alatt 8264 darab .hu domaint jegyeztek be, amely \u00e1tlagosan napi 267 regisztr\u00e1ci\u00f3t jelent. Gondolta volna, hogy ennyi \u00faj honlapra van sz\u00fcks\u00e9g egyetlen nap alatt Magyarorsz\u00e1gon? R\u00e1ad\u00e1sul a t\u00f6bbi n\u00e9pszer\u0171 v\u00e9gz\u0151d\u00e9st \u2013 mint .com, .eu, .info \u2013 m\u00e9g figyelembe se vett\u00fck.\u00a0<\/span><\/p>\n<p>&nbsp;<\/p>\n<p><span style=\"font-weight: 400;\">Term\u00e9szetesen nem minden domainen j\u00f6n l\u00e9tre weboldal, vannak, melyek ugyanarra az oldalra lesznek ir\u00e1ny\u00edtva, esetleg \u00e9vekig nem k\u00e9sz\u00fcl el a r\u00e1juk sz\u00e1nt honlap, vagy csak spekul\u00e1ci\u00f3s c\u00e9lra haszn\u00e1lj\u00e1k \u0151ket. Ett\u0151l f\u00fcggetlen\u00fcl az \u00faj regisztr\u00e1ci\u00f3k sz\u00e1ma val\u00f3ban magas, r\u00e1ad\u00e1sul m\u00e9g nem is a legjobban teljes\u00edt\u0151 h\u00f3napot vizsg\u00e1ltuk.\u00a0<\/span><\/p>\n<p>&nbsp;<\/p>\n<p><span style=\"font-weight: 400;\">2022-ben a m\u00e1jusi regisztr\u00e1ci\u00f3k sz\u00e1ma <a href=\"https:\/\/www.rackhost.hu\/blog\/fogynak-a-domainek\/\" target=\"_blank\" rel=\"noopener\">meghaladta az \u00e1prilisit<\/a>, teh\u00e1t n\u00f6veked\u00e9st v\u00e9lhet\u00fcnk felfedezni. 7480-r\u00f3l 8264 darabra n\u0151tt a .hu domain regisztr\u00e1ci\u00f3k havi mennyis\u00e9ge, amely t\u00f6bb mint 10%-os n\u00f6veked\u00e9st jelent.<\/span><span style=\"font-weight: 400;\"><br \/>\n<\/span><span style=\"font-weight: 400;\"><br \/>\n<\/span><span style=\"font-weight: 400;\">Amennyiben megpr\u00f3b\u00e1ljuk \u00e1rnyalni a k\u00e9pet, \u00e9s a koronav\u00edrus j\u00e1rv\u00e1ny kit\u00f6r\u00e9s\u00e9nek \u00e9v\u00e9t nem vessz\u00fck sz\u00e1m\u00edt\u00e1sba \u2013 ugyanis a 2020-as \u00e9v teljes\u00edtm\u00e9nye nagyban elt\u00e9r a hossz\u00fa \u00e9vek tendenci\u00e1j\u00e1t\u00f3l \u2013, azt l\u00e1thatjuk, hogy a ny\u00e1ri id\u0151szakban \u00e1ltal\u00e1ban al\u00e1bbhagy a domain v\u00e1s\u00e1rl\u00e1si kedv, mely \u0151sszel \u00fajra fellend\u00fcl. Az elm\u00falt 3 \u00e9v regisztr\u00e1ci\u00f3s statisztik\u00e1i a k\u00f6vetkez\u0151 diagramon tekinthet\u0151k meg:<\/span><\/p>\n<p><img loading=\"lazy\" decoding=\"async\" class=\"size-full wp-image-1277 aligncenter\" src=\"https:\/\/www.rackhost.hu\/blog\/wp-content\/uploads\/Regisztra\u0301lt-.hu-domainek-sza\u0301ma\u0301nak-o\u0308sszehasonli\u0301ta\u0301sa.png\" alt=\"\u00dajra n\u00f6veked\u00e9snek indulnak a domain regisztr\u00e1ci\u00f3k?\" width=\"600\" height=\"371\" srcset=\"https:\/\/www.rackhost.hu\/blog\/wp-content\/uploads\/Regisztra\u0301lt-.hu-domainek-sza\u0301ma\u0301nak-o\u0308sszehasonli\u0301ta\u0301sa.png 600w, https:\/\/www.rackhost.hu\/blog\/wp-content\/uploads\/Regisztra\u0301lt-.hu-domainek-sza\u0301ma\u0301nak-o\u0308sszehasonli\u0301ta\u0301sa-300x186.png 300w\" sizes=\"auto, (max-width: 600px) 100vw, 600px\" \/><\/p>\n<p style=\"text-align: center;\"><i><span style=\"font-weight: 400;\">Forr\u00e1s: saj\u00e1t szerkeszt\u00e9s a Hureg statisztika alapj\u00e1n<\/span><\/i><\/p>\n<p>&nbsp;<\/p>\n<p><span style=\"font-weight: 400;\">Az idei \u00e9vben \u00f6sszess\u00e9g\u00e9ben alacsonyabb regisztr\u00e1ci\u00f3s sz\u00e1mokkal tal\u00e1lkozhatunk, mint a j\u00e1rv\u00e1ny miatt igen er\u0151snek mondhat\u00f3 el\u0151z\u0151 k\u00e9t esztend\u0151ben, viszont a m\u00e1jusi adatok meghaladt\u00e1k az \u00e1prilisit, teh\u00e1t \u00fagy t\u0171nik, megindult egyfajta emelked\u00e9s.\u00a0<\/span><\/p>\n<p>&nbsp;<\/p>\n<p><span style=\"font-weight: 400;\">Az idei kezd\u0151d\u0151 n\u00f6veked\u00e9s ellen\u00e9re viszont amennyiben a m\u00e1jusi h\u00f3napot az el\u0151z\u0151 \u00e9vek azonos adataival \u00f6sszehasonl\u00edtva vizsg\u00e1ljuk, cs\u00f6kken\u0151 tendencia mutathat\u00f3 ki. 2020 m\u00e1jus\u00e1ban 10792 .hu domaint regisztr\u00e1ltak, 2021-ben 9612-t, m\u00edg id\u00e9n 8264 darabot. Az adatok megtekinthet\u0151k a k\u00f6vetkez\u0151 \u00e1br\u00e1n.\u00a0<\/span><\/p>\n<p><img loading=\"lazy\" decoding=\"async\" class=\"size-full wp-image-1278 aligncenter\" src=\"https:\/\/www.rackhost.hu\/blog\/wp-content\/uploads\/hu-domain-regisztra\u0301cio\u0301k-sza\u0301ma-1.png\" alt=\".hu domain regisztr\u00e1ci\u00f3k sz\u00e1ma\" width=\"600\" height=\"371\" srcset=\"https:\/\/www.rackhost.hu\/blog\/wp-content\/uploads\/hu-domain-regisztra\u0301cio\u0301k-sza\u0301ma-1.png 600w, https:\/\/www.rackhost.hu\/blog\/wp-content\/uploads\/hu-domain-regisztra\u0301cio\u0301k-sza\u0301ma-1-300x186.png 300w\" sizes=\"auto, (max-width: 600px) 100vw, 600px\" \/><\/p>\n<p style=\"text-align: center;\"><i><span style=\"font-weight: 400;\">Forr\u00e1s: saj\u00e1t szerkeszt\u00e9s a Hureg statisztika alapj\u00e1n<\/span><\/i><\/p>\n<p>&nbsp;<\/p>\n<p><span style=\"font-weight: 400;\">Ezek alapj\u00e1n teh\u00e1t meglehet\u0151sen neh\u00e9z lenne megj\u00f3solni, mit tartogat az idei \u00e9v m\u00e1sodik fele. Vajon j\u00faniusban folytat\u00f3dik ez a n\u00f6veked\u00e9s, \u00e9s a j\u00faniusi .hu domain regisztr\u00e1ci\u00f3k sz\u00e1ma el\u00e9rheti a 2021-es \u00e9rt\u00e9keket? K\u00f6vetkez\u0151 havi elemz\u00e9s\u00fcnkb\u0151l kider\u00fcl! <\/span><\/p>\n","protected":false},"excerpt":{"rendered":"<p>A domainek piaca tov\u00e1bbra is t\u00f6retlen. H\u00f3napr\u00f3l h\u00f3napra, s\u0151t napr\u00f3l napra regisztr\u00e1lnak \u00faj domain neveket. Magyarorsz\u00e1gon a .hu v\u00e9gz\u0151d\u00e9s a legn\u00e9pszer\u0171bb. T\u00f6bb sz\u00e1z .hu domaint regisztr\u00e1lnak az emberek napi szinten. A legfrissebb, 2022. m\u00e1jusi adatokat elemezve l\u00e1thatjuk, hogy egy h\u00f3nap alatt 8264 darab .hu domaint jegyeztek be, amely \u00e1tlagosan napi<\/p>\n<div class=\"post-permalink\">\n\t\t\t\t\t\t<a href=\"https:\/\/www.rackhost.hu\/blog\/ujra-novekedesnek-indulnak-a-domain-regisztraciok\/\" class=\"btn btn-default\">Tov\u00e1bb<\/a><\/div>\n","protected":false},"author":4,"featured_media":1279,"comment_status":"closed","ping_status":"closed","sticky":false,"template":"","format":"standard","meta":{"footnotes":""},"categories":[1],"tags":[24],"class_list":["post-1276","post","type-post","status-publish","format-standard","has-post-thumbnail","hentry","category-egyeb","tag-domain-statisztika"],"_links":{"self":[{"href":"https:\/\/www.rackhost.hu\/blog\/wp-json\/wp\/v2\/posts\/1276","targetHints":{"allow":["GET"]}}],"collection":[{"href":"https:\/\/www.rackhost.hu\/blog\/wp-json\/wp\/v2\/posts"}],"about":[{"href":"https:\/\/www.rackhost.hu\/blog\/wp-json\/wp\/v2\/types\/post"}],"author":[{"embeddable":true,"href":"https:\/\/www.rackhost.hu\/blog\/wp-json\/wp\/v2\/users\/4"}],"replies":[{"embeddable":true,"href":"https:\/\/www.rackhost.hu\/blog\/wp-json\/wp\/v2\/comments?post=1276"}],"version-history":[{"count":2,"href":"https:\/\/www.rackhost.hu\/blog\/wp-json\/wp\/v2\/posts\/1276\/revisions"}],"predecessor-version":[{"id":1667,"href":"https:\/\/www.rackhost.hu\/blog\/wp-json\/wp\/v2\/posts\/1276\/revisions\/1667"}],"wp:featuredmedia":[{"embeddable":true,"href":"https:\/\/www.rackhost.hu\/blog\/wp-json\/wp\/v2\/media\/1279"}],"wp:attachment":[{"href":"https:\/\/www.rackhost.hu\/blog\/wp-json\/wp\/v2\/media?parent=1276"}],"wp:term":[{"taxonomy":"category","embeddable":true,"href":"https:\/\/www.rackhost.hu\/blog\/wp-json\/wp\/v2\/categories?post=1276"},{"taxonomy":"post_tag","embeddable":true,"href":"https:\/\/www.rackhost.hu\/blog\/wp-json\/wp\/v2\/tags?post=1276"}],"curies":[{"name":"wp","href":"https:\/\/api.w.org\/{rel}","templated":true}]}}