{"id":1140,"date":"2021-11-18T13:29:45","date_gmt":"2021-11-18T13:29:45","guid":{"rendered":"https:\/\/www.rackhost.hu\/blog\/?p=1140"},"modified":"2021-11-24T12:38:31","modified_gmt":"2021-11-24T12:38:31","slug":"reszt-vettunk-az-szte-oszi-allasborzen","status":"publish","type":"post","link":"https:\/\/www.rackhost.hu\/blog\/reszt-vettunk-az-szte-oszi-allasborzen\/","title":{"rendered":"R\u00e9szt vett\u00fcnk az SZTE \u0150szi \u00c1ll\u00e1sb\u00f6rz\u00e9n"},"content":{"rendered":"<p><span style=\"font-weight: 400;\">A Szegedi Tudom\u00e1nyegyetem minden \u00e9v \u0151sz\u00e9n \u00e9s tavasz\u00e1n megrendezi az SZTE \u00c1ll\u00e1sb\u00f6rz\u00e9t \u00e9s Felk\u00e9sz\u00edt\u0151 Napokat, ahol a c\u00e9gek ki\u00e1ll\u00edt\u00f3k\u00e9nt vehetnek r\u00e9szt \u00e9s bemutatkozhatnak a leend\u0151 munkav\u00e1llal\u00f3ik sz\u00e1m\u00e1ra, k\u00fcl\u00f6nf\u00e9le bet\u00f6ltend\u0151 poz\u00edci\u00f3t, gyakornoki helyet k\u00edn\u00e1lva.<\/span><\/p>\n<p>&nbsp;<\/p>\n<p><span style=\"font-weight: 400;\">Id\u00e9n sem szerett\u00fck volna kihagyni ezt a remek lehet\u0151s\u00e9get, \u00edgy a Rackhost m\u00e1r harmadik \u00e9ve vett r\u00e9szt az \u00c1ll\u00e1sb\u00f6rz\u00e9n. Szerencs\u00e9re a rendezv\u00e9ny id\u00e9n \u0151sszel nem esett a j\u00e1rv\u00e1ny\u00fcgyi korl\u00e1toz\u00e1sok al\u00e1, teh\u00e1t szem\u00e9lyes r\u00e9szv\u00e9tellel meg lehetett tartani, ami m\u00e9giscsak sokkal jobb abb\u00f3l a szempontb\u00f3l, hogy szem\u00e9lyesen tal\u00e1lkozhatunk az \u00e9rdekl\u0151d\u0151kkel \u00e9s van lehet\u0151s\u00e9g\u00fcnk r\u00e9szletesen bemutatkozni, megismerni \u0151ket, besz\u00e9lgetni vel\u00fck a c\u00e9gr\u0151l, motiv\u00e1ci\u00f3ikr\u00f3l \u00e9s elv\u00e1r\u00e1saikr\u00f3l.<\/span><\/p>\n<p>&nbsp;<\/p>\n<p><span style=\"font-weight: 400;\">Miut\u00e1n jelentkezt\u00fcnk az esem\u00e9nyre, megkezd\u0151dtek az el\u0151k\u00e9sz\u00fcletek. T\u00f6bb meeting-et is tartottunk az \u00c1ll\u00e1sb\u00f6rz\u00e9vel kapcsolatban, amelyek sor\u00e1n eld\u00f6nt\u00f6tt\u00fck, hogy milyen poz\u00edci\u00f3kat fogunk k\u00edn\u00e1lni az \u00c1ll\u00e1sb\u00f6rz\u00e9n, \u00f6sszegy\u0171jt\u00f6tt\u00fck, milyen rekl\u00e1maj\u00e1nd\u00e9kokat szeretn\u00e9nk vinni, kik fogj\u00e1k k\u00e9pviselni a c\u00e9get a rendezv\u00e9nyen, valamint hogyan fogjuk dekor\u00e1lni a standot. Majd megkezd\u0151d\u00f6tt a sz\u00fcks\u00e9ges dekor elemek \u2013 poszterek, rekl\u00e1mz\u00e1szl\u00f3 stb. \u2013, valamint aj\u00e1nd\u00e9kt\u00e1rgyak, sz\u00f3r\u00f3lapok rendel\u00e9s\u00e9nek id\u0151szaka.<\/span><\/p>\n<p>&nbsp;<\/p>\n<p><span style=\"font-weight: 400;\">Szerencs\u00e9re minden z\u00f6kken\u0151mentesen zajlott \u00e9s hamar el is \u00e9rkezett a rendezv\u00e9ny napja. A c\u00e9g k\u00e9pvisel\u0151i a hivatalos kezd\u00e9si id\u0151pont el\u0151tt \u00e9rkeztek, hogy legyen id\u0151nk berendezni a standunkat, felrakni a dekor elemeket, valamint kihelyezni a sz\u00f3r\u00f3anyagokat, aj\u00e1nd\u00e9kokat. \u00cdme n\u00e9h\u00e1ny fot\u00f3 err\u0151l:<\/span><\/p>\n<p><img loading=\"lazy\" decoding=\"async\" class=\"wp-image-1142 aligncenter\" src=\"https:\/\/www.rackhost.hu\/blog\/wp-content\/uploads\/1.jpg\" alt=\"Rackhost \u00e1ll\u00e1sb\u00f6rze\" width=\"546\" height=\"728\" srcset=\"https:\/\/www.rackhost.hu\/blog\/wp-content\/uploads\/1.jpg 768w, https:\/\/www.rackhost.hu\/blog\/wp-content\/uploads\/1-225x300.jpg 225w\" sizes=\"auto, (max-width: 546px) 100vw, 546px\" \/><\/p>\n<p><img loading=\"lazy\" decoding=\"async\" class=\" wp-image-1143 aligncenter\" src=\"https:\/\/www.rackhost.hu\/blog\/wp-content\/uploads\/2-1-768x1024.jpg\" alt=\"Rackhost \u00e1ll\u00e1sb\u00f6rze\" width=\"548\" height=\"730\" srcset=\"https:\/\/www.rackhost.hu\/blog\/wp-content\/uploads\/2-1-768x1024.jpg 768w, https:\/\/www.rackhost.hu\/blog\/wp-content\/uploads\/2-1-225x300.jpg 225w, https:\/\/www.rackhost.hu\/blog\/wp-content\/uploads\/2-1-1152x1536.jpg 1152w, https:\/\/www.rackhost.hu\/blog\/wp-content\/uploads\/2-1.jpg 1536w\" sizes=\"auto, (max-width: 548px) 100vw, 548px\" \/><\/p>\n<p><span style=\"font-weight: 400;\">Valamint a csapatr\u00f3l:<\/span><\/p>\n<p><img loading=\"lazy\" decoding=\"async\" class=\" wp-image-1144 aligncenter\" src=\"https:\/\/www.rackhost.hu\/blog\/wp-content\/uploads\/3-768x1024.jpg\" alt=\"Rackhost \u00e1ll\u00e1sb\u00f6rze csapat\" width=\"547\" height=\"730\" srcset=\"https:\/\/www.rackhost.hu\/blog\/wp-content\/uploads\/3-768x1024.jpg 768w, https:\/\/www.rackhost.hu\/blog\/wp-content\/uploads\/3-225x300.jpg 225w, https:\/\/www.rackhost.hu\/blog\/wp-content\/uploads\/3-1152x1536.jpg 1152w, https:\/\/www.rackhost.hu\/blog\/wp-content\/uploads\/3.jpg 1511w\" sizes=\"auto, (max-width: 547px) 100vw, 547px\" \/><\/p>\n<p><span style=\"font-weight: 400;\">Kiket is kerest\u00fcnk pontosan? A standunk fels\u0151 r\u00e9sz\u00e9n tal\u00e1lhat\u00f3 piros \u00e9s k\u00e9k sz\u00ednk\u00f3dokkal jelezt\u00fck, hogy informatikus \u00e9s k\u00f6zgazd\u00e1sz hallgat\u00f3kat keres\u00fcnk. Nagy seg\u00edts\u00e9g a rendez\u0151k r\u00e9sz\u00e9r\u0151l, hogy nemcsak a c\u00e9gek jelzik, hogy kiket c\u00e9loznak meg, hanem a kil\u00e1togat\u00f3 egyetemist\u00e1k is kapnak egy-egy karszalagot a tanulm\u00e1nyaiknak megfelel\u0151 sz\u00ednk\u00f3ddal ell\u00e1tva, \u00edgy sokkal egyszer\u0171bb az egym\u00e1sra tal\u00e1l\u00e1s. Az al\u00e1bbi ter\u00fcleteken k\u00edn\u00e1ltunk <\/span><a href=\"https:\/\/www.rackhost.hu\/job\" target=\"_blank\" rel=\"noopener\"><span style=\"font-weight: 400;\">nyitott poz\u00edci\u00f3kat<\/span><\/a><span style=\"font-weight: 400;\">:<\/span><\/p>\n<p>&nbsp;<\/p>\n<ul>\n<li style=\"font-weight: 400;\" aria-level=\"1\"><span style=\"font-weight: 400;\">PHP fejleszt\u0151 gyakornok<\/span><\/li>\n<li style=\"font-weight: 400;\" aria-level=\"1\"><span style=\"font-weight: 400;\">Junior PHP fejleszt\u0151<\/span><\/li>\n<li style=\"font-weight: 400;\" aria-level=\"1\"><span style=\"font-weight: 400;\">Senior PHP fejleszt\u0151<\/span><\/li>\n<li style=\"font-weight: 400;\" aria-level=\"1\"><span style=\"font-weight: 400;\">Rendszergazda<\/span><\/li>\n<li style=\"font-weight: 400;\" aria-level=\"1\"><span style=\"font-weight: 400;\">Marketing gyakornok<\/span><\/li>\n<li style=\"font-weight: 400;\" aria-level=\"1\"><span style=\"font-weight: 400;\">Content marketing menedzser<\/span><\/li>\n<\/ul>\n<p><img loading=\"lazy\" decoding=\"async\" class=\" wp-image-1145 aligncenter\" src=\"https:\/\/www.rackhost.hu\/blog\/wp-content\/uploads\/4-768x1024.jpg\" alt=\"Rackhost SZTE \u00e1ll\u00e1sb\u00f6rze sz\u00f3r\u00f3lap\" width=\"514\" height=\"686\" srcset=\"https:\/\/www.rackhost.hu\/blog\/wp-content\/uploads\/4-768x1024.jpg 768w, https:\/\/www.rackhost.hu\/blog\/wp-content\/uploads\/4-225x300.jpg 225w, https:\/\/www.rackhost.hu\/blog\/wp-content\/uploads\/4-1152x1536.jpg 1152w, https:\/\/www.rackhost.hu\/blog\/wp-content\/uploads\/4.jpg 1536w\" sizes=\"auto, (max-width: 514px) 100vw, 514px\" \/><\/p>\n<p><span style=\"font-weight: 400;\">Szerencs\u00e9re nagyon sok \u00e9rdekl\u0151d\u0151 volt, sz\u00e1mos egyetemista felkereste a standunkat. Egyesek m\u00e1s karokon tanulnak, azaz a sz\u00ednk\u00f3dok szerint nem n\u00e1lunk k\u00edv\u00e1nnak dolgozni, csak k\u00edv\u00e1ncsiak voltak r\u00e1, hogy milyen c\u00e9g vagyunk, mert felfigyeltek a grafik\u00e1inkra \u00e9s a men\u0151 rekl\u00e1maj\u00e1nd\u00e9kainkra.<\/span><\/p>\n<p><img loading=\"lazy\" decoding=\"async\" class=\" wp-image-1146 aligncenter\" src=\"https:\/\/www.rackhost.hu\/blog\/wp-content\/uploads\/5-1024x768.jpg\" alt=\"Rackhost SZTE \u00e1ll\u00e1sb\u00f6rze\" width=\"515\" height=\"386\" srcset=\"https:\/\/www.rackhost.hu\/blog\/wp-content\/uploads\/5-1024x768.jpg 1024w, https:\/\/www.rackhost.hu\/blog\/wp-content\/uploads\/5-300x225.jpg 300w, https:\/\/www.rackhost.hu\/blog\/wp-content\/uploads\/5-768x576.jpg 768w, https:\/\/www.rackhost.hu\/blog\/wp-content\/uploads\/5-1536x1152.jpg 1536w, https:\/\/www.rackhost.hu\/blog\/wp-content\/uploads\/5-2048x1536.jpg 2048w\" sizes=\"auto, (max-width: 515px) 100vw, 515px\" \/><\/p>\n<p><span style=\"font-weight: 400;\">Ha m\u00e1r a rekl\u00e1maj\u00e1nd\u00e9kokn\u00e1l tartunk\u2026 Mit is adtunk az \u00e9rdekl\u0151d\u0151knek? A c\u00e9ges sz\u00f3r\u00f3lapon t\u00fal v\u00e1laszthattak 7 f\u00e9le Rackhost grafik\u00e1j\u00fa matrica k\u00f6z\u00fcl, f\u0151k\u00e9nt a l\u00e1nyokra gondolva k\u00e9sz\u00fclt\u00fcnk lila \u0171rl\u00e9nyes zsebt\u00fck\u00f6rrel \u00e9s a sr\u00e1cok \u00f6r\u00f6m\u00e9re 4 fajta s\u00f6rnyit\u00f3s kulcstart\u00f3 is volt a k\u00edn\u00e1latunkban.<\/span><\/p>\n<p><img loading=\"lazy\" decoding=\"async\" class=\" wp-image-1151 aligncenter\" src=\"https:\/\/www.rackhost.hu\/blog\/wp-content\/uploads\/ab-1024x683.jpg\" alt=\"\u00c1ll\u00e1sb\u00f6rze Rackhost aj\u00e1nd\u00e9kok\" width=\"508\" height=\"339\" srcset=\"https:\/\/www.rackhost.hu\/blog\/wp-content\/uploads\/ab-1024x683.jpg 1024w, https:\/\/www.rackhost.hu\/blog\/wp-content\/uploads\/ab-300x200.jpg 300w, https:\/\/www.rackhost.hu\/blog\/wp-content\/uploads\/ab-768x512.jpg 768w, https:\/\/www.rackhost.hu\/blog\/wp-content\/uploads\/ab-1536x1025.jpg 1536w, https:\/\/www.rackhost.hu\/blog\/wp-content\/uploads\/ab.jpg 2048w\" sizes=\"auto, (max-width: 508px) 100vw, 508px\" \/><\/p>\n<p style=\"text-align: center;\"><em>Fot\u00f3: Bobk\u00f3 Anna \/ Sahin-T\u00f3th Istv\u00e1n<\/em><\/p>\n<p><span style=\"font-weight: 400;\">Valamint a jelentkez\u0151k ezeken t\u00fal m\u00e9g <\/span><a href=\"https:\/\/shop.rackhost.hu\/\" target=\"_blank\" rel=\"noopener\"><span style=\"font-weight: 400;\">Rackhost p\u00f3l\u00f3kat<\/span><\/a><span style=\"font-weight: 400;\"> is kaphattak, itt \u00f6sszesen 5 sz\u00edn \u00e9s 10 k\u00fcl\u00f6nb\u00f6z\u0151 minta k\u00f6z\u00fcl lehetett v\u00e1lasztani. Volt, aki m\u00e1r a helysz\u00ednen fel is vette \u0151ket. \ud83d\ude42<\/span><\/p>\n<p><img loading=\"lazy\" decoding=\"async\" class=\" wp-image-1147 aligncenter\" src=\"https:\/\/www.rackhost.hu\/blog\/wp-content\/uploads\/7-1024x768.jpg\" alt=\"SZTE \u00e1ll\u00e1sb\u00f6rze rackhost p\u00f3l\u00f3\" width=\"507\" height=\"380\" srcset=\"https:\/\/www.rackhost.hu\/blog\/wp-content\/uploads\/7-1024x768.jpg 1024w, https:\/\/www.rackhost.hu\/blog\/wp-content\/uploads\/7-300x225.jpg 300w, https:\/\/www.rackhost.hu\/blog\/wp-content\/uploads\/7-768x576.jpg 768w, https:\/\/www.rackhost.hu\/blog\/wp-content\/uploads\/7-1536x1152.jpg 1536w, https:\/\/www.rackhost.hu\/blog\/wp-content\/uploads\/7.jpg 2048w\" sizes=\"auto, (max-width: 507px) 100vw, 507px\" \/><\/p>\n<p><span style=\"font-weight: 400;\">Teh\u00e1t \u00f6sszess\u00e9g\u00e9ben nagyon j\u00f3l siker\u00fclt az \u00c1ll\u00e1sb\u00f6rze, sok \u00e9lm\u00e9nnyel gazdagodtunk \u00e9s szerencs\u00e9re \u00e9rdekl\u0151d\u0151b\u0151l sem volt hi\u00e1ny. Sz\u00e1zn\u00e1l t\u00f6bb jelentkez\u00e9s \u00e9rkezett, m\u00e1r el is kezdt\u00fck a kiv\u00e1laszt\u00e1si folyamatot \u00e9s izgatottan v\u00e1rjuk a v\u00e9geredm\u00e9nyt.\u00a0<\/span><\/p>\n<p>&nbsp;<\/p>\n","protected":false},"excerpt":{"rendered":"<p>A Szegedi Tudom\u00e1nyegyetem minden \u00e9v \u0151sz\u00e9n \u00e9s tavasz\u00e1n megrendezi az SZTE \u00c1ll\u00e1sb\u00f6rz\u00e9t \u00e9s Felk\u00e9sz\u00edt\u0151 Napokat, ahol a c\u00e9gek ki\u00e1ll\u00edt\u00f3k\u00e9nt vehetnek r\u00e9szt \u00e9s bemutatkozhatnak a leend\u0151 munkav\u00e1llal\u00f3ik sz\u00e1m\u00e1ra, k\u00fcl\u00f6nf\u00e9le bet\u00f6ltend\u0151 poz\u00edci\u00f3t, gyakornoki helyet k\u00edn\u00e1lva. &nbsp; Id\u00e9n sem szerett\u00fck volna kihagyni ezt a remek lehet\u0151s\u00e9get, \u00edgy a Rackhost m\u00e1r harmadik \u00e9ve vett<\/p>\n<div class=\"post-permalink\">\n\t\t\t\t\t\t<a href=\"https:\/\/www.rackhost.hu\/blog\/reszt-vettunk-az-szte-oszi-allasborzen\/\" class=\"btn btn-default\">Tov\u00e1bb<\/a><\/div>\n","protected":false},"author":4,"featured_media":1141,"comment_status":"closed","ping_status":"closed","sticky":false,"template":"","format":"standard","meta":{"footnotes":""},"categories":[1],"tags":[36],"class_list":["post-1140","post","type-post","status-publish","format-standard","has-post-thumbnail","hentry","category-egyeb","tag-rackhost-sztori"],"_links":{"self":[{"href":"https:\/\/www.rackhost.hu\/blog\/wp-json\/wp\/v2\/posts\/1140","targetHints":{"allow":["GET"]}}],"collection":[{"href":"https:\/\/www.rackhost.hu\/blog\/wp-json\/wp\/v2\/posts"}],"about":[{"href":"https:\/\/www.rackhost.hu\/blog\/wp-json\/wp\/v2\/types\/post"}],"author":[{"embeddable":true,"href":"https:\/\/www.rackhost.hu\/blog\/wp-json\/wp\/v2\/users\/4"}],"replies":[{"embeddable":true,"href":"https:\/\/www.rackhost.hu\/blog\/wp-json\/wp\/v2\/comments?post=1140"}],"version-history":[{"count":8,"href":"https:\/\/www.rackhost.hu\/blog\/wp-json\/wp\/v2\/posts\/1140\/revisions"}],"predecessor-version":[{"id":1156,"href":"https:\/\/www.rackhost.hu\/blog\/wp-json\/wp\/v2\/posts\/1140\/revisions\/1156"}],"wp:featuredmedia":[{"embeddable":true,"href":"https:\/\/www.rackhost.hu\/blog\/wp-json\/wp\/v2\/media\/1141"}],"wp:attachment":[{"href":"https:\/\/www.rackhost.hu\/blog\/wp-json\/wp\/v2\/media?parent=1140"}],"wp:term":[{"taxonomy":"category","embeddable":true,"href":"https:\/\/www.rackhost.hu\/blog\/wp-json\/wp\/v2\/categories?post=1140"},{"taxonomy":"post_tag","embeddable":true,"href":"https:\/\/www.rackhost.hu\/blog\/wp-json\/wp\/v2\/tags?post=1140"}],"curies":[{"name":"wp","href":"https:\/\/api.w.org\/{rel}","templated":true}]}}